{"id":84,"date":"2011-04-26T08:58:46","date_gmt":"2011-04-26T06:58:46","guid":{"rendered":"http:\/\/1905.gs\/blog\/?p=84"},"modified":"2011-05-06T09:39:30","modified_gmt":"2011-05-06T07:39:30","slug":"ates-gunes-olayi","status":"publish","type":"post","link":"http:\/\/1905.gs\/blog\/kulup\/tarihce\/ates-gunes-olayi\/","title":{"rendered":"ATE\u015e &#8211; G\u00dcNE\u015e olay\u0131&#8230;"},"content":{"rendered":"<p>1930&#8217;lu y\u0131llarda Galatasaray&#8217;a \u00e7ok zarar veren bir b\u00f6l\u00fcnme.<br \/>\n1929 y\u0131l\u0131nda \u00e7\u0131kan birtak\u0131m i\u00e7 anla\u015fmazl\u0131klar, 1933 y\u0131l\u0131nda bir b\u00f6l\u00fcnmeyle sonu\u00e7lan\u0131r. E\u015fref \u015eefik(Atabey) &#8216;Olimpiyat&#8217; adl\u0131 dergide yazd\u0131\u011f\u0131 kul\u00fcp alehtar\u0131 yaz\u0131lardan \u00f6t\u00fcr\u00fc \u00fcyelikten ihra\u00e7 edilir.<br \/>\nE\u015fref \u015eefik&#8217;in kul\u00fcpten at\u0131lmas\u0131 tepki yarat\u0131r. Uzun y\u0131llar kul\u00fc\u011f ba\u015fkanl\u0131\u011f\u0131 yapan Yusuf Z\u0130ya \u00d6ni\u015f&#8217;in istifas\u0131yla ortal\u0131k kar\u0131\u015f\u0131r. Bu tats\u0131z geli\u015fmelerin nedeni de amat\u00f6rl\u00fck-profesyonellik tart\u0131\u015fmas\u0131d\u0131r. Yusuf Ziya \u00d6ni\u015f ve arkada\u015flar\u0131 futbolun ancak profesyonellikle kalk\u0131nabilece\u011fini savunurlar.<br \/>\nBuna kar\u015f\u0131l\u0131k Suat Hayri \u00dcrg\u00fcpl\u00fc de amat\u00f6rl\u00fc\u011f\u00fc ve futbol tak\u0131m\u0131n\u0131n liseye dayanma \u00f6zelli\u011finin korunmas\u0131n\u0131 ister.<br \/>\nAyr\u0131lan 25 \u00fcye Yusuf Ziya Bey&#8217;in etraf\u0131nda topla\u015f\u0131p yeni bir kul\u00fcp kurmaya karar verir. Bu kul\u00fcbe \u00f6ncelikle Sar\u0131-K\u0131rm\u0131z\u0131 ad\u0131n\u0131 vermek isterler, ancak Sultani&#8217;den gelen tepkilerle kul\u00fcb\u00fcn ad\u0131 Ate\u015f-G\u00fcne\u015f olur.<br \/>\nBir s\u00fcre sonra G\u00fcne\u015f diye an\u0131lan tak\u0131m ligde f\u0131rt\u0131na gibi eser. Atat\u00fcrk&#8217;\u00fcn yak\u0131nlar\u0131nca Cevad Abbas Bey&#8217;in ba\u015fkan se\u00e7ilmesinin ard\u0131ndan bu tak\u0131m \u00e7ok g\u00fc\u00e7lenir.<br \/>\nGalatasaray&#8217;\u0131n engelleme \u00e7abalar\u0131na kar\u015f\u0131n bu tak\u0131m ligde oynama hakk\u0131n\u0131 elde eder. Bununla da kalmay\u0131p Galatasaray&#8217;dan baz\u0131 futbolcular\u0131 transfer ederek huzursuzluk yarat\u0131r. Bundan sonra G\u00fcne\u015f, Galatasaray i\u00e7in g\u00fcn ge\u00e7tik\u00e7e tats\u0131zla\u015fan bir mevzu halini al\u0131r.<br \/>\n* * *<br \/>\nSiyasi g\u00fcc\u00fc arkas\u0131na alan G\u00fcne\u015f&#8217;e sa\u011flanan destek a\u00e7\u0131kt\u0131r. 4 Temmuz 1937&#8217;de oynanan ve olaylar \u00e7\u0131kan ma\u00e7 sonucunda d\u00f6nemin ba\u015fbakan\u0131 \u0130smet \u0130n\u00f6n\u00fc, Galatasarayl\u0131lar\u0131 tehdit eden, hatta kul\u00fcb\u00fcn kapat\u0131labilece\u011fini ihtar eden bir bildiri yay\u0131nlar.<br \/>\n* * *<br \/>\nBu atmosferde 1938 y\u0131l\u0131nda G\u00fcne\u015f Milli K\u00fcme&#8217;de \u015fampiyon olur. Be\u015fikta\u015f ikinci Galatasaray da \u00fc\u00e7\u00fcnc\u00fcd\u00fcr. Ayn\u0131 y\u0131l, Futbol Ajan\u0131 Zeki R\u0131za Sporel&#8217;in istifas\u0131 ve yerine ba\u015fkas\u0131n\u0131n bulunamamas\u0131 y\u00fcz\u00fcnden geciken \u0130stanbul Ligi ancak kas\u0131m ay\u0131nda ba\u015flar ve tek devreli olarak yap\u0131labilir. Burda da G\u00fcne\u015f averajla \u015fampiyon olur. Bu \u015fampiyonlukta ge\u00e7erli olan averaj hesab\u0131 da ilgin\u00e7tir;<br \/>\n34 gol at\u0131p 8 gol yiyen g\u00fcne\u015f at\u0131lan\u0131n yenene g\u00f6l\u00fcnmesi gibi garip bir uygulamayla 4,25 averaja ula\u015f\u0131r. 40 gol at\u0131p 10 gol yiyen Fenerbah\u00e7e iste 4 averajla ikinci olur. 44 gol at\u0131p 10 gol yiyen Be\u015fikta\u015f ise 3,66 ile \u00fc\u00e7\u00fcnc\u00fcl\u00fckte kal\u0131r. Oysa bilinen t\u00fcm averaj hesaplar\u0131na g\u00f6re bu ligde Be\u015fikta\u015f birinci, Fenerbah\u00e7e ikinci, G\u00fcne\u015f ise \u00fc\u00e7\u00fcnc\u00fc olmal\u0131d\u0131r. G\u00fcne\u015f&#8217;in arkas\u0131ndaki siyasi g\u00fc\u00e7, \u015fampiyonu bile de\u011fi\u015ftirebilecek boyuttad\u0131r.<\/p>\n<p><img loading=\"lazy\" decoding=\"async\" src=\"http:\/\/www.galatasaray.org\/images\/tarihtebugun\/29MAYISb.jpg\" border=\"0\" alt=\"\" width=\"470\" height=\"222\" \/><\/p>\n<p>* * *<br \/>\nAncak b\u00fct\u00fcn bu zorlaman\u0131n sporda uzun s\u00fcre etkili olabilmesine imkan yoktur. G\u00fcne\u015f bu denli parlak bir bi\u00e7imde y\u00fckselirken, birden bire bat\u0131verir. 1939 y\u0131l\u0131nda kul\u00fcp kendini fesheder. Oysaki daha birka\u00e7 ay \u00f6ncesinin \u015fampiyon tak\u0131m\u0131na sahiptir. Nefis bir kul\u00fcp lokali vard\u0131r, futbolun yan\u0131nda atletizm, k\u00fcrek ve g\u00fcre\u015fte de g\u00fc\u00e7l\u00fc ekipler olu\u015fturarak kul\u00fcple\u015fme yolunda h\u0131zl\u0131 ad\u0131mlarla ilerlemektedir. Ayr\u0131ca y\u0131l i\u00e7inde Atat\u00fcrk&#8217;\u00fcn bu kul\u00fcb\u00fc ziyaret etmi\u015f olmas\u0131 da \u00f6nemli ve anlaml\u0131 bir geli\u015fmedir.<br \/>\nAma y\u00fczeydeki bu par\u0131lt\u0131n\u0131n aksine G\u00fcne\u015f, k\u00f6ks\u00fcz bir kul\u00fcpt\u00fcr. Dayand\u0131\u011f\u0131 g\u00fc\u00e7l\u00fc bir camia ya da kul\u00fcp yoktur. Bu y\u00fczden de kap\u0131s\u0131na kilit vurulur. Bu i\u015fin Atat\u00fcrk&#8217;\u00fcn \u00f6l\u00fcm\u00fcn\u00fcn hemen ard\u0131ndan olmas\u0131 ise i\u015fin siyasal boyutunu a\u00e7\u0131k\u00e7a g\u00f6zler \u00f6n\u00fcne koyar.<br \/>\nGalatasaray-G\u00fcne\u015f aras\u0131nda oynanan ma\u00e7lar;<br \/>\n01.12.1935: 6-2<br \/>\n20.12.1936: 1-1<br \/>\n21.03.1937: 2-2<br \/>\n04.07.1937: 1-1<br \/>\n19.12.1937: 0-6<br \/>\n20.03.1938: 0-7<br \/>\n05.06.1938: 2-4<\/p>\n<p><em>Kaynak: Galatasaray Spor Kul\u00fcb\u00fc Tarihi, Ahmet \u00c7ak\u0131r<\/em><\/p>\n<p>&nbsp;<\/p>\n","protected":false},"excerpt":{"rendered":"<p>1930&#8217;lu y\u0131llarda Galatasaray&#8217;a \u00e7ok zarar veren bir b\u00f6l\u00fcnme. 1929 y\u0131l\u0131nda \u00e7\u0131kan birtak\u0131m i\u00e7 anla\u015fmazl\u0131klar, 1933 y\u0131l\u0131nda bir b\u00f6l\u00fcnmeyle sonu\u00e7lan\u0131r. E\u015fref \u015eefik(Atabey) &#8216;Olimpiyat&#8217; adl\u0131 dergide yazd\u0131\u011f\u0131 kul\u00fcp alehtar\u0131 yaz\u0131lardan \u00f6t\u00fcr\u00fc \u00fcyelikten ihra\u00e7 edilir. E\u015fref \u015eefik&#8217;in kul\u00fcpten at\u0131lmas\u0131 tepki yarat\u0131r. Uzun y\u0131llar kul\u00fc\u011f ba\u015fkanl\u0131\u011f\u0131 yapan Yusuf Z\u0130ya \u00d6ni\u015f&#8217;in istifas\u0131yla ortal\u0131k kar\u0131\u015f\u0131r. Bu tats\u0131z geli\u015fmelerin nedeni de amat\u00f6rl\u00fck-profesyonellik&hellip; <a class=\"more-link\" href=\"http:\/\/1905.gs\/blog\/kulup\/tarihce\/ates-gunes-olayi\/\">Okumaya devam et <span class=\"screen-reader-text\">ATE\u015e &#8211; G\u00dcNE\u015e olay\u0131&#8230;<\/span><\/a><\/p>\n","protected":false},"author":2,"featured_media":95,"comment_status":"open","ping_status":"open","sticky":false,"template":"","format":"standard","meta":{"footnotes":""},"categories":[20],"tags":[],"_links":{"self":[{"href":"http:\/\/1905.gs\/blog\/wp-json\/wp\/v2\/posts\/84"}],"collection":[{"href":"http:\/\/1905.gs\/blog\/wp-json\/wp\/v2\/posts"}],"about":[{"href":"http:\/\/1905.gs\/blog\/wp-json\/wp\/v2\/types\/post"}],"author":[{"embeddable":true,"href":"http:\/\/1905.gs\/blog\/wp-json\/wp\/v2\/users\/2"}],"replies":[{"embeddable":true,"href":"http:\/\/1905.gs\/blog\/wp-json\/wp\/v2\/comments?post=84"}],"version-history":[{"count":3,"href":"http:\/\/1905.gs\/blog\/wp-json\/wp\/v2\/posts\/84\/revisions"}],"predecessor-version":[{"id":86,"href":"http:\/\/1905.gs\/blog\/wp-json\/wp\/v2\/posts\/84\/revisions\/86"}],"wp:featuredmedia":[{"embeddable":true,"href":"http:\/\/1905.gs\/blog\/wp-json\/wp\/v2\/media\/95"}],"wp:attachment":[{"href":"http:\/\/1905.gs\/blog\/wp-json\/wp\/v2\/media?parent=84"}],"wp:term":[{"taxonomy":"category","embeddable":true,"href":"http:\/\/1905.gs\/blog\/wp-json\/wp\/v2\/categories?post=84"},{"taxonomy":"post_tag","embeddable":true,"href":"http:\/\/1905.gs\/blog\/wp-json\/wp\/v2\/tags?post=84"}],"curies":[{"name":"wp","href":"https:\/\/api.w.org\/{rel}","templated":true}]}}