{"id":708,"date":"2011-05-20T07:41:20","date_gmt":"2011-05-20T05:41:20","guid":{"rendered":"http:\/\/1905.gs\/blog\/?p=708"},"modified":"2013-07-29T10:09:09","modified_gmt":"2013-07-29T08:09:09","slug":"olumsuz-kurucumuz-ali-sami-yen","status":"publish","type":"post","link":"http:\/\/1905.gs\/blog\/kulup\/tarihce\/ali-sami-bey\/olumsuz-kurucumuz-ali-sami-yen\/","title":{"rendered":"\u00d6l\u00fcms\u00fcz Kurucumuz Ali Sami Yen"},"content":{"rendered":"<blockquote><p><a href=\"http:\/\/1905.gs\/blog\/wp-content\/uploads\/2011\/05\/AliSami.jpg\"><img loading=\"lazy\" decoding=\"async\" class=\"alignleft size-full wp-image-721\" style=\"margin-left: 2px; margin-right: 2px;\" title=\"AliSami\" alt=\"\" src=\"http:\/\/1905.gs\/blog\/wp-content\/uploads\/2011\/05\/AliSami.jpg\" width=\"157\" height=\"224\" srcset=\"http:\/\/1905.gs\/blog\/wp-content\/uploads\/2011\/05\/AliSami.jpg 280w, http:\/\/1905.gs\/blog\/wp-content\/uploads\/2011\/05\/AliSami-210x300.jpg 210w\" sizes=\"(max-width: 157px) 100vw, 157px\" \/><\/a><\/p>\n<p><strong>\u201c<em>Maksad\u0131m\u0131z,\u0130ngilizler gibi toplu halde oynamak,bir renge ve bir isme malik olmak ve\u00a0T\u00fcrk olmayan tak\u0131mlar\u0131 yenmek<\/em>.\u201d<\/strong><\/p>\n<p><strong>\u201c<em>Ferde, aileye ve cemiyete kar\u015f\u0131 ba\u011fl\u0131l\u0131klar\u0131m\u0131z\u0131n yan\u0131nda, Galatasarayl\u0131l\u0131\u011f\u0131m\u0131z\u0131n ve z\u00fcmre alakas\u0131n\u0131n b\u00fcy\u00fck bir yeri oldu\u011funa inanmam\u0131z laz\u0131md\u0131r. Bu cereyan o kadar kuvvetlidir ki, ayn\u0131 mektepte feyz almayanlar bile bizle bir m\u00fcddet kald\u0131ktan sonra bizim kadar Galatasarayl\u0131 olurlar<\/em>\u201d<\/strong><\/p>\n<p><strong>\u201c<em>Aziz Galatasarayl\u0131lar, duygular\u0131m\u0131 bana hayat ve kuvvet veren huzurunuzda tahlil ettikten sonra, bizi buraya derin bir sayg\u0131, sonsuz bir sevgi ve geni\u015f kar\u015f\u0131l\u0131kl\u0131 g\u00fcven hislerinin getirdi\u011fini g\u00f6r\u00fcyorum. Bu \u00fc\u00e7 esasl\u0131 duygunun tatl\u0131 ve de\u011ferli bulu\u015fmas\u0131n\u0131, ben ancak Galatasarayl\u0131l\u0131k diye adland\u0131rabilirim<\/em>.\u201d<\/strong><\/p>\n<p><strong>\u201c<em>Hayat\u0131m\u0131n en zevkli ve \u015ferefli vazifesi olan ba\u015fkanl\u0131\u011f\u0131 T\u00fcrkiye \u0130dman Cemiyetleri \u0130ttifak\u0131 ba\u015fkanl\u0131\u011f\u0131n\u0131n gerektirdi\u011fi tarafs\u0131zl\u0131\u011f\u0131n g\u00f6zetilmesi i\u00e7in terk ettim.<\/em>\u201d<\/strong><\/p><\/blockquote>\n<p><strong>Ali Sami Bey kimdir?<\/strong><\/p>\n<p><span style=\"font-size: small;\">AL\u0130 SAM\u0130 YEN (1886-1951)<\/span><\/p>\n<p>Sonradan\u00a0Yen\u00a0soyad\u0131n\u0131 alan\u00a0Ali Sami Bey, 20 May\u0131s 1886&#8217;da \u0130stanbul`un Kandilli semtinde do\u011fdu. Babas\u0131, \u00fcnl\u00fc edebiyat\u00e7\u0131lar\u0131m\u0131zdan\u00a0\u015eemsettin Sami&#8217;ydi.<\/p>\n<p>Galatasaray Lisesi&#8217;nde okudu ve futbol oynad\u0131. 1905 y\u0131l\u0131nda Galatasaray Lisesi&#8217;nden arkada\u015flar\u0131yla birlikte Galatasaray Kul\u00fcb\u00fc&#8217;n\u00fc kurma karar\u0131n\u0131 ald\u0131 ve Kul\u00fcb\u00fcn bir numaral\u0131 kurucu \u00fcyesi oldu. Ali Sami Yen ayr\u0131ca T\u00fcrk futbolunun \u00f6nde gelen \u00f6rg\u00fctleyicilerinden de biri oldu. Yen 1923 y\u0131l\u0131nda kurulan T\u00fcrkiye idman cemiyetleri \u0130ttifak\u0131&#8217;n\u0131n kurucular\u0131 aras\u0131nda yer ald\u0131 ve ba\u015fkanl\u0131\u011f\u0131n\u0131 yapt\u0131.<\/p>\n<p>1924 Paris Olimpiyatlar\u0131&#8217;na kat\u0131lan T\u00fcrk kafilesinin ba\u015fkanl\u0131\u011f\u0131n\u0131 yapt\u0131. 1926-1931 y\u0131llar\u0131 aras\u0131nda T\u00fcrkiye Milli Olimpiyat komitesinin ba\u015fkanl\u0131\u011f\u0131 g\u00f6revini y\u00fcr\u00fctt\u00fc. Galatasaray&#8217;da 1905-1918 aras\u0131nda 13 y\u0131l, 1925&#8217;te 1 y\u0131l olmak \u00fczere iki d\u00f6nemde 14 y\u0131l ba\u015fkan olarak hizmet verdi.Ali Sami Yen&#8217; in Sar\u0131 K\u0131rm\u0131z\u0131l\u0131 kul\u00fcbe \u00f6nemli bir katk\u0131s\u0131 da Galatasaray M\u00fczesi&#8217;nin kurulmas\u0131 oldu. 1905 y\u0131l\u0131nda y\u00f6netti\u011fi Moda-Kad\u0131k\u00f6y kar\u015f\u0131la\u015fmas\u0131 nedeniyle, Ali Sami Yen&#8217; in ilk T\u00fcrk hakem olabilece\u011fi de \u00e7e\u015fitli kaynaklarda yaz\u0131l\u0131d\u0131r.<\/p>\n<p>Mili Tak\u0131m\u0131n Romanya ile yapt\u0131\u011f\u0131 ilk ma\u00e7ta, teknik adam olarak tak\u0131m\u0131n ba\u015f\u0131nda o vard\u0131. Bu g\u00f6revi de bir s\u00fcre y\u00fcr\u00fctm\u00fc\u015f, yani T\u00fcrk Milli Tak\u0131m\u0131n ilk teknik direkt\u00f6r\u00fc olmu\u015ftur. Galatasaray Spor Kul\u00fcb\u00fc&#8217;n\u00fcn Kurucusu\u00a0Ali Sami Yen&#8217;nin ad\u0131 bug\u00fcn tak\u0131m\u0131n her ma\u00e7\u0131n\u0131 oynad\u0131\u011f\u0131 stada verilerek \u00f6l\u00fcms\u00fczle\u015ftirildi. Ali Sami Yen 1951 y\u0131l\u0131nda vefat etti ve Ferik\u00f6y mezarl\u0131\u011f\u0131nda topra\u011fa verildi.<\/p>\n<p>Ali Sami Yen, sadece Galatasaray&#8217;\u0131n de\u011fil T\u00fcrk sporunun en se\u00e7kin ki\u015filiklerinden biriydi. Onun a\u00e7t\u0131\u011f\u0131 yoldan pek \u00e7ok sporcu, teknik adam ve y\u00f6netici yeti\u015fti. Bunlar sadece Galatasaray&#8217;a de\u011fil T\u00fcrk sporuna da b\u00fcy\u00fck hizmetler verdiler. Atletizm, basketbol, voleybol gibi \u00f6teki spor dallar\u0131nda da Galatasarayl\u0131lar sadece \u00f6nc\u00fc olmakla kalmad\u0131lar, sporcu, teknik adam ve y\u00f6netici olarak da bu sporlar\u0131n \u00fclkemizdeki geli\u015fiminde \u00e7ok \u00f6nemli roller oynad\u0131lar.<\/p>\n<p>K\u0131sacas\u0131, Ali Sami Yen sadece Galatasaray kurucusu olarak kalmad\u0131, T\u00fcrk sporunun da pek \u00e7ok kurulu\u015funun temelinin at\u0131lmas\u0131n\u0131 ve y\u00fckselmesini sa\u011flad\u0131. B\u00f6ylece Galatasarayl\u0131lar\u0131n \u00e7ok \u00f6nemli bir \u00f6zelliklerini de en \u00e7arp\u0131c\u0131 bi\u00e7imde ortaya koymu\u015f oldu. Bu gelenek hep devam etti. Galatasarayl\u0131lar her zaman \u00fclke sporuna \u00e7ok \u00f6nemli hizmetlerde ve katk\u0131larda bulundular.<\/p>\n<p><strong>Ali Sami Bey Galatasaray Spor Kul\u00fcb\u00fc&#8217;n\u00fc nas\u0131l kurduklar\u0131n\u0131 anlat\u0131yor;<br \/>\n<\/strong>Galatasaray Spor Kul\u00fcb\u00fc&#8217;n\u00fcn kurucusu Ali Sami Yen, &#8220;Ellinci Y\u0131l&#8221; kitab\u0131nda kurulu\u015f \u00f6yk\u00fcs\u00fcn\u00fc \u015f\u00f6yle anlat\u0131r: &#8220;<em>1 Te\u015frin 1905&#8217;te mektebin be\u015finci s\u0131n\u0131f\u0131nda edebiyat muallimimiz merhum Mehmet Ata beyin dersi esnas\u0131nda birka\u00e7 arkada\u015f ba\u015f ba\u015fa vererek Galatasaray&#8217;da bir futbol kul\u00fcb\u00fc kurmaya karar verdik. \u0130lk m\u00fcte\u015febbisler oyuna ve m\u00fccadeleye meyyal arkada\u015flardan As\u0131m Tevfik Sonumut, Re\u015fat \u015eirvani, Cevdet Kalpak\u00e7\u0131o\u011flu, Abidin Daver, Kamil&#8230;gibi gen\u00e7lerdi. Mektepde tahsilde bulunan Bulgar ve S\u0131rp talebesinden \u00e7evik ve kuvvetli olanlar da bize iltihak etmi\u015flerdi. As\u0131m&#8217;\u0131 muhasebecili\u011fe, Cevdet&#8217;i ikinci reisli\u011fe se\u00e7mi\u015f, kendim de Reis olmu\u015ftum. As\u0131m her hafta arkada\u015flardan birer kuru\u015f toplamakda mahir oldu\u011fu i\u00e7in kendisini muhasebeci yapm\u0131\u015ft\u0131k. Ben Reisli\u011fi topu ya\u011flay\u0131p \u015fi\u015firmekle alm\u0131\u015ft\u0131m. Topumuza evlad\u0131m gibi bakard\u0131m. Zaten var\u0131m\u0131z yo\u011fumuz da toptu. Mektebe gelirken, domuz soka\u011f\u0131ndan ge\u00e7er, domuz ya\u011f\u0131 al\u0131rd\u0131m. Topu onunla ya\u011flar, \u015fi\u015firirdim; yamas\u0131n\u0131 yeni pabucumdan kesmi\u015ftim. Bunu g\u00f6ren arkada\u015flar, bana hepimizden fazla paye vermi\u015flerdi. Yani o zaman Reisli\u011fe ve di\u011fer vazifelere payeyi, en \u00e7ok \u00e7al\u0131\u015fan kazan\u0131rd\u0131. Cevdet de ikinci Reisli\u011fi formalar\u0131 y\u0131kad\u0131\u011f\u0131 i\u00e7in alm\u0131\u015ft\u0131.\u201d<\/em><\/p>\n<p>Kaynak: Galatasaray.org<br \/>\n<strong><a title=\"Galatasaray Spor Kul\u00fcb\u00fc kurulu\u015fu\" href=\"http:\/\/www.youtube.com\/watch?v=jt7Ep5d68QI\" target=\"_blank\">Kurulu\u015fumuzun 100. Y\u0131ll\u0131k Sevda DVD&#8217;sinden al\u0131nt\u0131 yap\u0131ld\u0131\u011f\u0131 hikayesinin videosu i\u00e7in TIKLAYIN <\/a><\/strong><\/p>\n<p><a href=\"http:\/\/1905.gs\/blog\/wp-content\/uploads\/2011\/05\/DSC04641.jpg\"><img loading=\"lazy\" decoding=\"async\" class=\"alignnone size-medium wp-image-724\" style=\"margin-left: 1px; margin-right: 1px; border: 1px solid black;\" title=\"DSC04641\" alt=\"\" src=\"http:\/\/1905.gs\/blog\/wp-content\/uploads\/2011\/05\/DSC04641-300x225.jpg\" width=\"300\" height=\"225\" srcset=\"http:\/\/1905.gs\/blog\/wp-content\/uploads\/2011\/05\/DSC04641-300x225.jpg 300w, http:\/\/1905.gs\/blog\/wp-content\/uploads\/2011\/05\/DSC04641.jpg 800w\" sizes=\"(max-width: 300px) 100vw, 300px\" \/><\/a><a href=\"http:\/\/1905.gs\/blog\/wp-content\/uploads\/2011\/05\/DSC04642.jpg\"><img loading=\"lazy\" decoding=\"async\" class=\"alignnone size-medium wp-image-725\" style=\"margin-left: 1px; margin-right: 1px; border: 1px solid black;\" title=\"DSC04642\" alt=\"\" src=\"http:\/\/1905.gs\/blog\/wp-content\/uploads\/2011\/05\/DSC04642-300x225.jpg\" width=\"300\" height=\"225\" srcset=\"http:\/\/1905.gs\/blog\/wp-content\/uploads\/2011\/05\/DSC04642-300x225.jpg 300w, http:\/\/1905.gs\/blog\/wp-content\/uploads\/2011\/05\/DSC04642.jpg 800w\" sizes=\"(max-width: 300px) 100vw, 300px\" \/><\/a><\/p>\n<p><strong>Ali Sami Bey k\u0131saca kimdir, neler yapm\u0131\u015ft\u0131r&#8230;<br \/>\n1886 &#8211;<\/strong> \u015eemseddin Sami ve Emine (Fera\u015feri&#8217;nin) ikinci o\u011flu<br \/>\n<strong>1902 &#8211;<\/strong> 889 numaral\u0131 Mekteb-i Sultani \u00f6\u011frencisi<br \/>\n<strong>1905 &#8211;<\/strong> \u0130lk T\u00fcrk futbol tak\u0131m\u0131n\u0131n kurucusu ve 1 numaral\u0131 Galatasaray Futbol Kul\u00fcb\u00fc \u00fcyesi<br \/>\n<strong>1905 &#8211;<\/strong> Galatasaray&#8217;\u0131n ilk ma\u00e7\u0131nda College de Jules Faure&#8217;a kar\u015f\u0131 sa\u011f bek futbolcusu<br \/>\n<strong>1905 &#8211;<\/strong> Moda-Kad\u0131k\u00f6y futbol kar\u015f\u0131la\u015fmas\u0131nda ilk T\u00fcrk hakem<br \/>\n<strong>1905-18 &#8211;<\/strong> Galatasaray Futbol Kul\u00fcb\u00fc Ba\u015fkan\u0131<br \/>\n<strong>1906 &#8211;<\/strong> Mekteb-i Sultani mezunu<br \/>\n<strong>1907-17 &#8211; <\/strong>Reji \u0130daresi Umum M\u00fcd\u00fcrl\u00fck terc\u00fcman\u0131<br \/>\n<strong>1908 sonras\u0131 &#8211;<\/strong> Tenis, Avc\u0131l\u0131k, Yelken, Y\u00fczme sporcusu<br \/>\n<strong>1909-11 &#8211;<\/strong> \u00dc\u00e7 y\u0131l \u00fcst \u00fcste \u0130stanbul Pazar Ligi \u015fampiyonu olan Galatasaray&#8217;\u0131n Ba\u015fkan\u0131<br \/>\n<strong>1910 &#8211;<\/strong> \u0130stanbul Ligi komite ba\u015fkan\u0131<br \/>\n<strong>1911 &#8211;<\/strong> Kalam\u0131\u015f&#8217;ta Galatasaray (Denizcilik) M\u00fczesi&#8217;nin kurucusu<br \/>\n<strong>1917-19 &#8211;<\/strong> Bahriye M\u00fchendislik Mektebi jimnastik \u00f6\u011fretmeni<br \/>\n<strong>1920-22 &#8211;<\/strong> Mal\u00fcl Gaziler Pazar\u0131 m\u00fcd\u00fcr\u00fc<br \/>\n<strong>1923 &#8211;<\/strong> T\u00fcrk Milli Futbol Tak\u0131m\u0131&#8217;n\u0131n ilk teknik dir\u00f6kt\u00f6r\u00fc<br \/>\n<strong>1923-31 &#8211;<\/strong> Atat\u00fcrk&#8217;\u00fcn onay\u0131yla, T\u00fcrkiye \u0130dman Cemiyetleri \u0130ttifak\u0131&#8217;n\u0131n kurucu ba\u015fkan\u0131<br \/>\n<strong>1923 &#8211;<\/strong> \u0130stanbul Ticaret Odas\u0131 tahkikat ve istihbarat m\u00fcd\u00fcr\u00fc<br \/>\n<strong>1924 &#8211;<\/strong> Paris Olimpiyatlar\u0131 T\u00fcrk kafilesi ba\u015fkan\u0131<br \/>\n<strong>1925 &#8211;<\/strong> 14. kez Galatasaray Spor Kul\u00fcb\u00fc Ba\u015fkan\u0131<br \/>\n<strong>1925 &#8211;<\/strong> \u0130stanbul Ligi \u015eampiyonu Galatasaray&#8217;\u0131n Ba\u015fkan\u0131<br \/>\n<strong>1925-33 &#8211;<\/strong> Sanayi ve Maadin Bankas\u0131 \u0130dare Meclisi \u00dcyesi<br \/>\n<strong>1926-31 &#8211;<\/strong> T\u00fcrkiye Milli Olimpiyat Komitesi Ba\u015fkan\u0131<br \/>\n<strong>1930 &#8211;<\/strong> Arnavutluk&#8217;un ba\u011f\u0131ms\u0131zl\u0131\u011f\u0131 ve Bekta\u015fili\u011fin devam\u0131 i\u00e7in olu\u015fturulan 12&#8217;ler Meclisi \u00fcyesi<br \/>\n<strong>1930 &#8211;<\/strong> Fahriye Han\u0131m&#8217;\u0131n e\u015fi<br \/>\n<strong>1933-40 &#8211;<\/strong> Uyu\u015fturucu Maddeler \u0130nhisar\u0131 m\u00fcd\u00fcr\u00fc<br \/>\n<strong>1934 &#8211;<\/strong> Yen soyad\u0131n\u0131n sahibi<br \/>\n<strong>1955 &#8211;<\/strong> Galatasaray Alt\u0131n Onur madalyes\u0131 sahibi<br \/>\n<strong>1964 &#8211;<\/strong> 20 Aral\u0131k g\u00fcn\u00fc Mecidiyek\u00f6y&#8217;de T\u00fcrkiye-Bulgaristan ma\u00e7\u0131yla a\u00e7\u0131lan stadyumun ismi<br \/>\n<strong>2007 &#8211;<\/strong> Aslantepe&#8217;de temeli at\u0131lan spor kompleksinin ismi<br \/>\n<strong>2010 &#8211;<\/strong> Galatasaray Merkezi&#8217;nin ilk s\u00fcreli sergisinin \u00f6znesi<\/p>\n","protected":false},"excerpt":{"rendered":"<p>\u201cMaksad\u0131m\u0131z,\u0130ngilizler gibi toplu halde oynamak,bir renge ve bir isme malik olmak ve\u00a0T\u00fcrk olmayan tak\u0131mlar\u0131 yenmek.\u201d \u201cFerde, aileye ve cemiyete kar\u015f\u0131 ba\u011fl\u0131l\u0131klar\u0131m\u0131z\u0131n yan\u0131nda, Galatasarayl\u0131l\u0131\u011f\u0131m\u0131z\u0131n ve z\u00fcmre alakas\u0131n\u0131n b\u00fcy\u00fck bir yeri oldu\u011funa inanmam\u0131z laz\u0131md\u0131r. Bu cereyan o kadar kuvvetlidir ki, ayn\u0131 mektepte feyz almayanlar bile bizle bir m\u00fcddet kald\u0131ktan sonra bizim kadar Galatasarayl\u0131 olurlar\u201d \u201cAziz Galatasarayl\u0131lar, duygular\u0131m\u0131&hellip; <a class=\"more-link\" href=\"http:\/\/1905.gs\/blog\/kulup\/tarihce\/ali-sami-bey\/olumsuz-kurucumuz-ali-sami-yen\/\">Okumaya devam et <span class=\"screen-reader-text\">\u00d6l\u00fcms\u00fcz Kurucumuz Ali Sami Yen<\/span><\/a><\/p>\n","protected":false},"author":1,"featured_media":0,"comment_status":"open","ping_status":"open","sticky":false,"template":"","format":"standard","meta":{"footnotes":""},"categories":[101],"tags":[],"_links":{"self":[{"href":"http:\/\/1905.gs\/blog\/wp-json\/wp\/v2\/posts\/708"}],"collection":[{"href":"http:\/\/1905.gs\/blog\/wp-json\/wp\/v2\/posts"}],"about":[{"href":"http:\/\/1905.gs\/blog\/wp-json\/wp\/v2\/types\/post"}],"author":[{"embeddable":true,"href":"http:\/\/1905.gs\/blog\/wp-json\/wp\/v2\/users\/1"}],"replies":[{"embeddable":true,"href":"http:\/\/1905.gs\/blog\/wp-json\/wp\/v2\/comments?post=708"}],"version-history":[{"count":23,"href":"http:\/\/1905.gs\/blog\/wp-json\/wp\/v2\/posts\/708\/revisions"}],"predecessor-version":[{"id":728,"href":"http:\/\/1905.gs\/blog\/wp-json\/wp\/v2\/posts\/708\/revisions\/728"}],"wp:attachment":[{"href":"http:\/\/1905.gs\/blog\/wp-json\/wp\/v2\/media?parent=708"}],"wp:term":[{"taxonomy":"category","embeddable":true,"href":"http:\/\/1905.gs\/blog\/wp-json\/wp\/v2\/categories?post=708"},{"taxonomy":"post_tag","embeddable":true,"href":"http:\/\/1905.gs\/blog\/wp-json\/wp\/v2\/tags?post=708"}],"curies":[{"name":"wp","href":"https:\/\/api.w.org\/{rel}","templated":true}]}}