{"id":683,"date":"2011-05-15T08:58:29","date_gmt":"2011-05-15T06:58:29","guid":{"rendered":"http:\/\/1905.gs\/blog\/?p=683"},"modified":"2011-06-16T09:42:53","modified_gmt":"2011-06-16T07:42:53","slug":"baskan-unal-aysal","status":"publish","type":"post","link":"http:\/\/1905.gs\/blog\/kulup\/secim-2011-mayis\/baskan-unal-aysal\/","title":{"rendered":"BA\u015eKAN \u00dcNAL AYSAL"},"content":{"rendered":"<p style=\"text-align: center;\"><img loading=\"lazy\" decoding=\"async\" class=\"aligncenter\" style=\"border: 1px solid black;\" src=\"http:\/\/1905.gs\/blog\/wp-content\/uploads\/2011\/05\/B_10056_b.jpg\" alt=\"\" width=\"470\" height=\"179\" \/><\/p>\n<p style=\"text-align: left;\">Adnan Polat d\u00f6nemi resmen sona erdi. Yeni BA\u015eKAN&#8217;\u0131m\u0131z Sn.\u00dcnal Aysal. T\u00fcm Galatasaray camias\u0131na hay\u0131rl\u0131 olsun&#8230;<\/p>\n","protected":false},"excerpt":{"rendered":"<p>Adnan Polat d\u00f6nemi resmen sona erdi. Yeni BA\u015eKAN&#8217;\u0131m\u0131z Sn.\u00dcnal Aysal. T\u00fcm Galatasaray camias\u0131na hay\u0131rl\u0131 olsun&#8230;<\/p>\n","protected":false},"author":1,"featured_media":0,"comment_status":"open","ping_status":"open","sticky":false,"template":"","format":"standard","meta":{"footnotes":""},"categories":[10],"tags":[],"_links":{"self":[{"href":"http:\/\/1905.gs\/blog\/wp-json\/wp\/v2\/posts\/683"}],"collection":[{"href":"http:\/\/1905.gs\/blog\/wp-json\/wp\/v2\/posts"}],"about":[{"href":"http:\/\/1905.gs\/blog\/wp-json\/wp\/v2\/types\/post"}],"author":[{"embeddable":true,"href":"http:\/\/1905.gs\/blog\/wp-json\/wp\/v2\/users\/1"}],"replies":[{"embeddable":true,"href":"http:\/\/1905.gs\/blog\/wp-json\/wp\/v2\/comments?post=683"}],"version-history":[{"count":15,"href":"http:\/\/1905.gs\/blog\/wp-json\/wp\/v2\/posts\/683\/revisions"}],"predecessor-version":[{"id":693,"href":"http:\/\/1905.gs\/blog\/wp-json\/wp\/v2\/posts\/683\/revisions\/693"}],"wp:attachment":[{"href":"http:\/\/1905.gs\/blog\/wp-json\/wp\/v2\/media?parent=683"}],"wp:term":[{"taxonomy":"category","embeddable":true,"href":"http:\/\/1905.gs\/blog\/wp-json\/wp\/v2\/categories?post=683"},{"taxonomy":"post_tag","embeddable":true,"href":"http:\/\/1905.gs\/blog\/wp-json\/wp\/v2\/tags?post=683"}],"curies":[{"name":"wp","href":"https:\/\/api.w.org\/{rel}","templated":true}]}}