{"id":275,"date":"2011-04-26T08:12:17","date_gmt":"2011-04-26T06:12:17","guid":{"rendered":"http:\/\/1905.gs\/blog\/2011\/04\/26\/refik-arkan-galatasaray-sk-27-03-2011-mali-ve-idari-genel-kurul-konusmasi-4\/"},"modified":"2011-05-06T09:42:56","modified_gmt":"2011-05-06T07:42:56","slug":"refik-arkan-galatasaray-sk-27-03-2011-mali-ve-idari-genel-kurul-konusmasi-4","status":"publish","type":"post","link":"http:\/\/1905.gs\/blog\/multimedya\/video\/refik-arkan-galatasaray-sk-27-03-2011-mali-ve-idari-genel-kurul-konusmasi-4\/","title":{"rendered":"Refik Arkan | Galatasaray SK &#8211; 27.03.2011 Mali ve \u0130dari Genel Kurul Konu\u015fmas\u0131"},"content":{"rendered":"","protected":false},"excerpt":{"rendered":"","protected":false},"author":2,"featured_media":0,"comment_status":"open","ping_status":"open","sticky":false,"template":"","format":"standard","meta":{"footnotes":""},"categories":[22],"tags":[39,37,40,38,25,36],"_links":{"self":[{"href":"http:\/\/1905.gs\/blog\/wp-json\/wp\/v2\/posts\/275"}],"collection":[{"href":"http:\/\/1905.gs\/blog\/wp-json\/wp\/v2\/posts"}],"about":[{"href":"http:\/\/1905.gs\/blog\/wp-json\/wp\/v2\/types\/post"}],"author":[{"embeddable":true,"href":"http:\/\/1905.gs\/blog\/wp-json\/wp\/v2\/users\/2"}],"replies":[{"embeddable":true,"href":"http:\/\/1905.gs\/blog\/wp-json\/wp\/v2\/comments?post=275"}],"version-history":[{"count":3,"href":"http:\/\/1905.gs\/blog\/wp-json\/wp\/v2\/posts\/275\/revisions"}],"predecessor-version":[{"id":578,"href":"http:\/\/1905.gs\/blog\/wp-json\/wp\/v2\/posts\/275\/revisions\/578"}],"wp:attachment":[{"href":"http:\/\/1905.gs\/blog\/wp-json\/wp\/v2\/media?parent=275"}],"wp:term":[{"taxonomy":"category","embeddable":true,"href":"http:\/\/1905.gs\/blog\/wp-json\/wp\/v2\/categories?post=275"},{"taxonomy":"post_tag","embeddable":true,"href":"http:\/\/1905.gs\/blog\/wp-json\/wp\/v2\/tags?post=275"}],"curies":[{"name":"wp","href":"https:\/\/api.w.org\/{rel}","templated":true}]}}