{"id":255,"date":"2011-04-25T22:04:52","date_gmt":"2011-04-25T20:04:52","guid":{"rendered":"http:\/\/1905.gs\/blog\/2011\/04\/25\/murat-ece-galatasaray-sk-27-03-2011-mali-ve-idari-genel-kurul-konusmasi-2\/"},"modified":"2011-05-06T09:45:55","modified_gmt":"2011-05-06T07:45:55","slug":"murat-ece-galatasaray-sk-27-03-2011-mali-ve-idari-genel-kurul-konusmasi-2","status":"publish","type":"post","link":"http:\/\/1905.gs\/blog\/multimedya\/video\/murat-ece-galatasaray-sk-27-03-2011-mali-ve-idari-genel-kurul-konusmasi-2\/","title":{"rendered":"Murat Ece | Galatasaray SK &#8211; 27.03.2011 Mali ve \u0130dari Genel Kurul Konu\u015fmas\u0131"},"content":{"rendered":"","protected":false},"excerpt":{"rendered":"","protected":false},"author":2,"featured_media":0,"comment_status":"open","ping_status":"open","sticky":false,"template":"","format":"standard","meta":{"footnotes":""},"categories":[22],"tags":[39,47,46,42,43,40,38,49,25,44,45,48],"_links":{"self":[{"href":"http:\/\/1905.gs\/blog\/wp-json\/wp\/v2\/posts\/255"}],"collection":[{"href":"http:\/\/1905.gs\/blog\/wp-json\/wp\/v2\/posts"}],"about":[{"href":"http:\/\/1905.gs\/blog\/wp-json\/wp\/v2\/types\/post"}],"author":[{"embeddable":true,"href":"http:\/\/1905.gs\/blog\/wp-json\/wp\/v2\/users\/2"}],"replies":[{"embeddable":true,"href":"http:\/\/1905.gs\/blog\/wp-json\/wp\/v2\/comments?post=255"}],"version-history":[{"count":1,"href":"http:\/\/1905.gs\/blog\/wp-json\/wp\/v2\/posts\/255\/revisions"}],"predecessor-version":[{"id":581,"href":"http:\/\/1905.gs\/blog\/wp-json\/wp\/v2\/posts\/255\/revisions\/581"}],"wp:attachment":[{"href":"http:\/\/1905.gs\/blog\/wp-json\/wp\/v2\/media?parent=255"}],"wp:term":[{"taxonomy":"category","embeddable":true,"href":"http:\/\/1905.gs\/blog\/wp-json\/wp\/v2\/categories?post=255"},{"taxonomy":"post_tag","embeddable":true,"href":"http:\/\/1905.gs\/blog\/wp-json\/wp\/v2\/tags?post=255"}],"curies":[{"name":"wp","href":"https:\/\/api.w.org\/{rel}","templated":true}]}}