{"id":254,"date":"2011-04-26T03:33:34","date_gmt":"2011-04-26T01:33:34","guid":{"rendered":"http:\/\/1905.gs\/blog\/2011\/04\/26\/mehmet-agar-galatasaray-sk-27-03-2011-mali-ve-idari-genel-kurul-konusmasi-3\/"},"modified":"2011-05-06T09:38:35","modified_gmt":"2011-05-06T07:38:35","slug":"mehmet-agar-galatasaray-sk-27-03-2011-mali-ve-idari-genel-kurul-konusmasi-3","status":"publish","type":"post","link":"http:\/\/1905.gs\/blog\/multimedya\/video\/mehmet-agar-galatasaray-sk-27-03-2011-mali-ve-idari-genel-kurul-konusmasi-3\/","title":{"rendered":"Mehmet A\u011far | Galatasaray SK &#8211; 27.03.2011 Mali ve \u0130dari Genel Kurul Konu\u015fmas\u0131"},"content":{"rendered":"","protected":false},"excerpt":{"rendered":"","protected":false},"author":2,"featured_media":0,"comment_status":"open","ping_status":"open","sticky":false,"template":"","format":"standard","meta":{"footnotes":""},"categories":[22],"tags":[39,41,40,38,25,34],"_links":{"self":[{"href":"http:\/\/1905.gs\/blog\/wp-json\/wp\/v2\/posts\/254"}],"collection":[{"href":"http:\/\/1905.gs\/blog\/wp-json\/wp\/v2\/posts"}],"about":[{"href":"http:\/\/1905.gs\/blog\/wp-json\/wp\/v2\/types\/post"}],"author":[{"embeddable":true,"href":"http:\/\/1905.gs\/blog\/wp-json\/wp\/v2\/users\/2"}],"replies":[{"embeddable":true,"href":"http:\/\/1905.gs\/blog\/wp-json\/wp\/v2\/comments?post=254"}],"version-history":[{"count":2,"href":"http:\/\/1905.gs\/blog\/wp-json\/wp\/v2\/posts\/254\/revisions"}],"predecessor-version":[{"id":567,"href":"http:\/\/1905.gs\/blog\/wp-json\/wp\/v2\/posts\/254\/revisions\/567"}],"wp:attachment":[{"href":"http:\/\/1905.gs\/blog\/wp-json\/wp\/v2\/media?parent=254"}],"wp:term":[{"taxonomy":"category","embeddable":true,"href":"http:\/\/1905.gs\/blog\/wp-json\/wp\/v2\/categories?post=254"},{"taxonomy":"post_tag","embeddable":true,"href":"http:\/\/1905.gs\/blog\/wp-json\/wp\/v2\/tags?post=254"}],"curies":[{"name":"wp","href":"https:\/\/api.w.org\/{rel}","templated":true}]}}