{"id":242,"date":"2011-05-02T11:49:34","date_gmt":"2011-05-02T09:49:34","guid":{"rendered":"http:\/\/1905.gs\/blog\/2011\/05\/02\/hayri-kozak-galatasaray-sk-27-03-2011-mali-ve-idari-genel-kurul-konusmasi-bolum-22\/"},"modified":"2011-05-06T09:35:46","modified_gmt":"2011-05-06T07:35:46","slug":"hayri-kozak-galatasaray-sk-27-03-2011-mali-ve-idari-genel-kurul-konusmasi-bolum-22","status":"publish","type":"post","link":"http:\/\/1905.gs\/blog\/multimedya\/video\/hayri-kozak-galatasaray-sk-27-03-2011-mali-ve-idari-genel-kurul-konusmasi-bolum-22\/","title":{"rendered":"Hayri Kozak | Galatasaray SK &#8211; 27.03.2011 Mali ve \u0130dari Genel Kurul Konu\u015fmas\u0131 B\u00f6l\u00fcm &#8211; 2\/2"},"content":{"rendered":"","protected":false},"excerpt":{"rendered":"","protected":false},"author":2,"featured_media":0,"comment_status":"open","ping_status":"open","sticky":false,"template":"","format":"standard","meta":{"footnotes":""},"categories":[22],"tags":[108,25,109],"_links":{"self":[{"href":"http:\/\/1905.gs\/blog\/wp-json\/wp\/v2\/posts\/242"}],"collection":[{"href":"http:\/\/1905.gs\/blog\/wp-json\/wp\/v2\/posts"}],"about":[{"href":"http:\/\/1905.gs\/blog\/wp-json\/wp\/v2\/types\/post"}],"author":[{"embeddable":true,"href":"http:\/\/1905.gs\/blog\/wp-json\/wp\/v2\/users\/2"}],"replies":[{"embeddable":true,"href":"http:\/\/1905.gs\/blog\/wp-json\/wp\/v2\/comments?post=242"}],"version-history":[{"count":9,"href":"http:\/\/1905.gs\/blog\/wp-json\/wp\/v2\/posts\/242\/revisions"}],"predecessor-version":[{"id":558,"href":"http:\/\/1905.gs\/blog\/wp-json\/wp\/v2\/posts\/242\/revisions\/558"}],"wp:attachment":[{"href":"http:\/\/1905.gs\/blog\/wp-json\/wp\/v2\/media?parent=242"}],"wp:term":[{"taxonomy":"category","embeddable":true,"href":"http:\/\/1905.gs\/blog\/wp-json\/wp\/v2\/categories?post=242"},{"taxonomy":"post_tag","embeddable":true,"href":"http:\/\/1905.gs\/blog\/wp-json\/wp\/v2\/tags?post=242"}],"curies":[{"name":"wp","href":"https:\/\/api.w.org\/{rel}","templated":true}]}}