{"id":1712,"date":"2012-09-13T06:46:54","date_gmt":"2012-09-13T04:46:54","guid":{"rendered":"http:\/\/1905.gs\/blog\/?p=1712"},"modified":"2012-09-13T06:46:54","modified_gmt":"2012-09-13T04:46:54","slug":"tacsiz-kral-metin-oktay","status":"publish","type":"post","link":"http:\/\/1905.gs\/blog\/kulup\/tarihce\/metin-oktay\/tacsiz-kral-metin-oktay\/","title":{"rendered":"Ta\u00e7s\u0131z Kral Metin Oktay"},"content":{"rendered":"<p style=\"text-align: center;\"><a href=\"http:\/\/1905.gs\/blog\/wp-content\/uploads\/2011\/06\/tacsizkral-renkli-forma-grey-large.jpg\"><img loading=\"lazy\" decoding=\"async\" class=\"alignnone\" src=\"http:\/\/1905.gs\/blog\/wp-content\/uploads\/2011\/06\/tacsizkral-renkli-forma-grey-large.jpg\" alt=\"\" width=\"200\" height=\"332\" \/><\/a><\/p>\n<p>Ta\u00e7s\u0131z Kral Metin Oktay i\u00e7in s\u00f6ylenecek \u00e7ok \u015fey var ama hangi s\u0131fat\u0131 yak\u0131\u015ft\u0131r\u0131rsan\u0131z yak\u0131\u015ft\u0131r\u0131n, hangi c\u00fcmleyi kurarsan\u0131z kurun kifayetsiz kal\u0131yor. 1991 senesinde elim bir trafik kazas\u0131nda kaybetti\u011fimiz Kral&#8217;\u0131m\u0131z\u0131 bug\u00fcn dahi trib\u00fcnlerde 17-18 ya\u015f ve alt\u0131 bir\u00e7ok gen\u00e7 taraftar\u0131m\u0131z d\u00f6rtbir yan\u0131 &#8220;TA\u00c7SIZ KRAL MET\u0130N OKTAY&#8221; tezah\u00fcratlar\u0131 ile inletiyor. Bu gen\u00e7 taraftarlar b\u0131rak\u0131n Metin Oktay&#8217;\u0131n o tarif edilemez muhte\u015femlikteki futbolunu \u00e7\u0131plak g\u00f6zle izlemeyi, onunla beraber ayn\u0131 zamanda d\u00fcnyada bile bulunmad\u0131lar. Peki kendilerinin do\u011fumundan \u00f6nce ya\u015fama g\u00f6zlerini kapam\u0131\u015f bir &#8220;sporcu&#8221; i\u00e7in b\u00f6ylesine b\u00fcy\u00fck bir tutku ile ba\u011fl\u0131l\u0131k nas\u0131l a\u00e7\u0131klanabilir?<\/p>\n<p>\u0130sterseniz biz bu konunun bilimsel a\u00e7\u0131klamas\u0131n\u0131 sosyologlara ve di\u011fer toplum piskolojisi ara\u015ft\u0131rmac\u0131lar\u0131na b\u0131rakal\u0131m ve Ta\u00e7s\u0131z Kral&#8217;\u0131 bir nebze olsun daha yak\u0131ndan tan\u0131maya \u00e7al\u0131\u015fal\u0131m&#8230;<\/p>\n<table class=\"aligncenter\" border=\"0\" cellspacing=\"0\" cellpadding=\"0\">\n<tbody>\n<tr>\n<td style=\"text-align: center;\" valign=\"top\" width=\"213\"><strong>Metin Oktay belgeselleri kolaj\u0131<\/strong><a href=\"http:\/\/www.youtube.com\/watch?v=Onsxqlo4QBk\" target=\"_blank\"><img decoding=\"async\" src=\"http:\/\/1905.gs\/blog\/wp-content\/uploads\/2011\/06\/Picture-1.png\" alt=\"\" width=\"150\" \/><\/a><\/td>\n<td style=\"text-align: center;\" valign=\"top\" width=\"213\"><strong>Metin Oktay video klibi<\/strong><br \/>\n<a href=\"http:\/\/www.youtube.com\/watch?v=dx8IDyHjVVY\" target=\"_blank\"><img decoding=\"async\" class=\"aligncenter\" src=\"http:\/\/1905.gs\/blog\/wp-content\/uploads\/2011\/06\/Screen-shot-2011-06-23-at-17.22.53.png\" alt=\"\" width=\"150\" \/><\/a><\/td>\n<\/tr>\n<\/tbody>\n<\/table>\n<p>Her b\u00fcy\u00fck camian\u0131n gol krallar\u0131, efsanele\u015fmi\u015f fotbolcular\u0131, sporcular\u0131 vard\u0131r, ancak sadece Galatasaray&#8217;\u0131n Metin Oktay&#8217;\u0131 vard\u0131r. \u00dclkemizde \u00f6zellikle son y\u0131llarda sporu b\u0131rakm\u0131\u015f sporcular\u0131n heykellerinin dikilmesi konusu devaml\u0131 g\u00fcndeme gelmektedir. Bu konuda d\u00fc\u015f\u00fclmesi gereken not Metin Oktay&#8217;\u0131n bir de\u011fil iki heykelinin birden y\u0131llard\u0131r oldu\u011fudur. Heykellerden biri tabi ki Florya Metin Oktay tesislerinde, daha da \u00f6nemli olan ikincisi ise ezeli rakibimizin tesislerinin dibinde, Derea\u011faz\u0131-Kalam\u0131\u015f&#8217;tad\u0131r. \u0130\u015fte e\u011fer heykeliniz ezeli rakibinizin bile sayg\u0131 duydu\u011fu \u015fekilde dikiliyorsa, o zaman heykeli hak ederek dikilmi\u015f ADAMs\u0131n\u0131z demektir.<\/p>\n<p><strong>Sergiden g\u00f6r\u00fcnt\u00fcler ve sergide kullan\u0131lan baz\u0131 foto\u011fraflar:<\/strong><\/p>\n<p><a href=\"http:\/\/1905.gs\/blog\/wp-content\/uploads\/2011\/06\/sdas.jpg\"><img loading=\"lazy\" decoding=\"async\" src=\"http:\/\/1905.gs\/blog\/wp-content\/uploads\/2011\/06\/sdas.jpg\" alt=\"\" width=\"80\" height=\"60\" \/><\/a><a href=\"http:\/\/1905.gs\/blog\/wp-content\/uploads\/2011\/06\/Screen-shot-2010-09-29-at-11.23.41.jpg\"><img loading=\"lazy\" decoding=\"async\" src=\"http:\/\/1905.gs\/blog\/wp-content\/uploads\/2011\/06\/Screen-shot-2010-09-29-at-11.23.41.jpg\" alt=\"\" width=\"80\" height=\"60\" \/><\/a><a href=\"http:\/\/1905.gs\/blog\/wp-content\/uploads\/2011\/06\/Screen-shot-2010-09-29-at-11.26.01.png\"><img loading=\"lazy\" decoding=\"async\" src=\"http:\/\/1905.gs\/blog\/wp-content\/uploads\/2011\/06\/Screen-shot-2010-09-29-at-11.26.01.png\" alt=\"\" width=\"80\" height=\"60\" \/><\/a><a href=\"http:\/\/1905.gs\/blog\/wp-content\/uploads\/2011\/06\/Screen-shot-2010-09-29-at-11.25.19.png\"><img loading=\"lazy\" decoding=\"async\" src=\"http:\/\/1905.gs\/blog\/wp-content\/uploads\/2011\/06\/Screen-shot-2010-09-29-at-11.25.19.png\" alt=\"\" width=\"80\" height=\"60\" \/><\/a><a href=\"http:\/\/1905.gs\/blog\/wp-content\/uploads\/2011\/06\/Screen-shot-2010-09-29-at-11.25.06.png\"><img loading=\"lazy\" decoding=\"async\" src=\"http:\/\/1905.gs\/blog\/wp-content\/uploads\/2011\/06\/Screen-shot-2010-09-29-at-11.25.06.png\" alt=\"\" width=\"80\" height=\"60\" \/><\/a><a href=\"http:\/\/1905.gs\/blog\/wp-content\/uploads\/2011\/06\/Screen-shot-2010-09-29-at-11.24.13.png\"><img loading=\"lazy\" decoding=\"async\" src=\"http:\/\/1905.gs\/blog\/wp-content\/uploads\/2011\/06\/Screen-shot-2010-09-29-at-11.24.13.png\" alt=\"\" width=\"80\" height=\"60\" \/><\/a><a href=\"http:\/\/1905.gs\/blog\/wp-content\/uploads\/2011\/06\/Screen-shot-2010-09-29-at-11.23.57.png\"><img loading=\"lazy\" decoding=\"async\" src=\"http:\/\/1905.gs\/blog\/wp-content\/uploads\/2011\/06\/Screen-shot-2010-09-29-at-11.23.57.png\" alt=\"\" width=\"80\" height=\"60\" \/><\/a><a href=\"http:\/\/1905.gs\/blog\/wp-content\/uploads\/2011\/06\/Screen-shot-2010-09-29-at-11.26.12.png\"><img loading=\"lazy\" decoding=\"async\" src=\"http:\/\/1905.gs\/blog\/wp-content\/uploads\/2011\/06\/Screen-shot-2010-09-29-at-11.26.12.png\" alt=\"\" width=\"80\" height=\"60\" \/><\/a><\/p>\n<div><\/div>\n","protected":false},"excerpt":{"rendered":"<p>Ta\u00e7s\u0131z Kral Metin Oktay i\u00e7in s\u00f6ylenecek \u00e7ok \u015fey var ama hangi s\u0131fat\u0131 yak\u0131\u015ft\u0131r\u0131rsan\u0131z yak\u0131\u015ft\u0131r\u0131n, hangi c\u00fcmleyi kurarsan\u0131z kurun kifayetsiz kal\u0131yor. 1991 senesinde elim bir trafik kazas\u0131nda kaybetti\u011fimiz Kral&#8217;\u0131m\u0131z\u0131 bug\u00fcn dahi trib\u00fcnlerde 17-18 ya\u015f ve alt\u0131 bir\u00e7ok gen\u00e7 taraftar\u0131m\u0131z d\u00f6rtbir yan\u0131 &#8220;TA\u00c7SIZ KRAL MET\u0130N OKTAY&#8221; tezah\u00fcratlar\u0131 ile inletiyor. Bu gen\u00e7 taraftarlar b\u0131rak\u0131n Metin Oktay&#8217;\u0131n o tarif&hellip; <a class=\"more-link\" href=\"http:\/\/1905.gs\/blog\/kulup\/tarihce\/metin-oktay\/tacsiz-kral-metin-oktay\/\">Okumaya devam et <span class=\"screen-reader-text\">Ta\u00e7s\u0131z Kral Metin Oktay<\/span><\/a><\/p>\n","protected":false},"author":1,"featured_media":0,"comment_status":"open","ping_status":"open","sticky":false,"template":"","format":"standard","meta":{"footnotes":""},"categories":[102],"tags":[],"_links":{"self":[{"href":"http:\/\/1905.gs\/blog\/wp-json\/wp\/v2\/posts\/1712"}],"collection":[{"href":"http:\/\/1905.gs\/blog\/wp-json\/wp\/v2\/posts"}],"about":[{"href":"http:\/\/1905.gs\/blog\/wp-json\/wp\/v2\/types\/post"}],"author":[{"embeddable":true,"href":"http:\/\/1905.gs\/blog\/wp-json\/wp\/v2\/users\/1"}],"replies":[{"embeddable":true,"href":"http:\/\/1905.gs\/blog\/wp-json\/wp\/v2\/comments?post=1712"}],"version-history":[{"count":1,"href":"http:\/\/1905.gs\/blog\/wp-json\/wp\/v2\/posts\/1712\/revisions"}],"predecessor-version":[{"id":1713,"href":"http:\/\/1905.gs\/blog\/wp-json\/wp\/v2\/posts\/1712\/revisions\/1713"}],"wp:attachment":[{"href":"http:\/\/1905.gs\/blog\/wp-json\/wp\/v2\/media?parent=1712"}],"wp:term":[{"taxonomy":"category","embeddable":true,"href":"http:\/\/1905.gs\/blog\/wp-json\/wp\/v2\/categories?post=1712"},{"taxonomy":"post_tag","embeddable":true,"href":"http:\/\/1905.gs\/blog\/wp-json\/wp\/v2\/tags?post=1712"}],"curies":[{"name":"wp","href":"https:\/\/api.w.org\/{rel}","templated":true}]}}