{"id":1542,"date":"2011-11-07T01:21:34","date_gmt":"2011-11-06T23:21:34","guid":{"rendered":"http:\/\/1905.gs\/blog\/?p=1542"},"modified":"2011-11-07T01:21:46","modified_gmt":"2011-11-06T23:21:46","slug":"dertlerim-bitmek-bilmiyor-bu-takim-oynamayinca","status":"publish","type":"post","link":"http:\/\/1905.gs\/blog\/kulup\/futbol\/dertlerim-bitmek-bilmiyor-bu-takim-oynamayinca\/","title":{"rendered":"Dertlerim Bitmek Bilmiyor Bu Tak\u0131m Oynamay\u0131nca&#8230;"},"content":{"rendered":"<figure id=\"attachment_1543\" aria-describedby=\"caption-attachment-1543\" style=\"width: 532px\" class=\"wp-caption aligncenter\"><a title=\"Galatasaray - M\u0130Y | Semih Kaya\" href=\"http:\/\/1905.gs\/blog\/wp-content\/uploads\/2011\/11\/miy.jpg\" target=\"_blank\"><img loading=\"lazy\" decoding=\"async\" class=\"size-full wp-image-1543 \" title=\"Galatasaray - M\u0130Y | Semih Kaya\" src=\"http:\/\/1905.gs\/blog\/wp-content\/uploads\/2011\/11\/miy.jpg\" alt=\"Galatasaray - M\u0130Y | Semih Kaya\" width=\"532\" height=\"353\" srcset=\"http:\/\/1905.gs\/blog\/wp-content\/uploads\/2011\/11\/miy.jpg 532w, http:\/\/1905.gs\/blog\/wp-content\/uploads\/2011\/11\/miy-300x199.jpg 300w\" sizes=\"(max-width: 532px) 100vw, 532px\" \/><\/a><figcaption id=\"caption-attachment-1543\" class=\"wp-caption-text\">Galatasaray - M\u0130Y | Semih Kaya<\/figcaption><\/figure>\n<p>S\u0131k\u0131 bir futbolseverseniz, hatta fanatik derecesinde bir taraftarsan\u0131z futbol en s\u0131radan g\u00fcn\u00fcn\u00fcz\u00fc bile anlaml\u0131 k\u0131labilir, bayram haline getirebilir. Veya bayram\u0131 bile ya\u015fatmaz, h\u00fcz\u00fcn denizlerinde bir ba\u015f\u0131n\u0131za b\u0131rak\u0131r sizi.<\/p>\n<p>Ge\u00e7en hafta Kayseri\u2019de g\u00fcnd\u00fcz ma\u00e7\u0131 ve deplasman fobisinin \u00fczerine y\u00fcr\u00fcyen Galatasaray, Sivasspor\u2019un \u2018\u015fa\u015f\u0131rt\u0131c\u0131\u2019 bi\u00e7imde Fenerbah\u00e7e\u2019yi yenmesi ile evindeki Mersin \u0130dman Yurdu ma\u00e7\u0131na bayram\u0131 arefeden kutlamaya ba\u015flamak i\u00e7in \u00e7\u0131km\u0131\u015ft\u0131. \u00d6yle ki biz de uzun zaman sonra bu kez Nevizade yerine Ali Sami Yen Sokak nostaljisi yaparak ma\u00e7 \u00f6ncesi Mecidiyek\u00f6y\u2019de \u201cma\u00e7 \u00f6ncesi kampa\u201d girdik.<\/p>\n<p>Oysa bu g\u00fczel d\u00fc\u015f\u00fcnce hen\u00fcz ilk yar\u0131 dolmadan yerini k\u00e2busa b\u0131rakt\u0131, \u201cneler oluyor bize?\u201d dizeleri bireysel m\u0131r\u0131ldanmalara konuk oldu. Devre biterken Mersin\u2019in kazand\u0131\u011f\u0131 penalt\u0131y\u0131 Muslera kurtarmasa, Galatasaray sezonun ilk ciddi taraftar tepkisini soyunma odas\u0131na girerken alacakt\u0131.<\/p>\n<p>Muslera\u2019n\u0131n kurtard\u0131\u011f\u0131 penalt\u0131 tak\u0131m\u0131 olas\u0131 bir tepkiden korumas\u0131na ra\u011fmen, Riera\u2019y\u0131 savunamaya yetmedi. \u0130spanyol oyuncunun pas hatalar\u0131 \u00f6nce u\u011fultuya, devreye do\u011fru da yuhalamaya d\u00f6nd\u00fc. Ali Sami Yen\u2019in \u00e7o\u011fu trib\u00fcnc\u00fclerden olu\u015fan, kendine has k\u00fclt\u00fcr\u00fc olan kitlesinin Arena\u2019da \u2018\u00e7o\u011fu seyirci\u2019 kitleye d\u00f6n\u00fc\u015fmesi ile bu ve benzeri erken patlamal\u0131, sab\u0131rs\u0131z, salt ba\u015far\u0131 odakl\u0131 tepkileri daha da fazla izleyece\u011fiz. Haz\u0131rl\u0131kl\u0131 olmakta yarar var. Sami Yen seyircisi art\u0131k ba\u015fka bir \u015fey\u2026\u00a0 Daha vasat, daha ortalama.<\/p>\n<p>\u0130lk yar\u0131da aksayan Riera ve Sabri\u2019nin yerlerine giren Sercan ve Ayhan tak\u0131ma dinamizm kazand\u0131rd\u0131. Elbette tak\u0131m\u0131n, \u00f6zellikle sa\u011f kanattan Eboue ile, i\u015ftahl\u0131 sald\u0131r\u0131\u015flar\u0131, Terim\u2019in devre aras\u0131 f\u0131r\u00e7as\u0131, Mersin\u2019in biraz daha geriye \u00e7ekilmesi ikinci yar\u0131daki etkili g\u00f6r\u00fcnt\u00fcn\u00fcn ana nedenleri olarak say\u0131labilir. Bu devrede Elmander\u2019in iki net pozisyonu harcamas\u0131, Melo\u2019nun geldi\u011finden beri en durgun futbolunu oynamas\u0131 Galatasaray\u2019\u0131 galibiyet yolunda t\u0131karken, Mersin\u2019in son dakikalarda bombo\u015f kaleye atamad\u0131\u011f\u0131 gol de \u201cyenemiyorsan yenilme\u201d \u015fiar\u0131n\u0131 ak\u0131llara getirdi.<\/p>\n<p>Kaybedilen puanlara ra\u011fmen ikinci devre iyi oldu\u011funu s\u00f6yleyebiliriz tak\u0131m\u0131n. Skibbe\u2019nin tek pas futbolu olarak parlat\u0131lan anlay\u0131\u015f\u0131, Rijkaard\u2019\u0131n \u00fclkemize hi\u00e7 uygun olmayan ve oyuncu odakl\u0131l\u0131ktan kurtulamayan total futbolu sonras\u0131nda; en bizden, hatalar\u0131 da sevaplar\u0131 da al\u0131\u015fkanl\u0131klar\u0131m\u0131za denk gelen bir tak\u0131m g\u00f6rd\u00fck. \u00c7aresizlik i\u00e7inde herkesin birbirine ya da Arda Turan\u2019a bakmad\u0131\u011f\u0131, hep beraber bir \u015feylerin m\u00fccadelesini verdi\u011fi, hatay\u0131 da beraber yapan bir tak\u0131m olma yolunda Terim\u2019in tak\u0131m\u0131.<\/p>\n<p>Muslera\u2019n\u0131n kurtard\u0131\u011f\u0131 penalt\u0131 sonras\u0131 Melo\u2019nun Uruguayl\u0131\u2019ya tavr\u0131, yine yeni kaleci ile Ujfalusi\u2019nin Semih Kaya\u2019ya ma\u00e7 sonra tutumlar\u0131 bunun \u00f6nemli g\u00f6stergeleri. Semih demi\u015fken ikinci ma\u00e7\u0131ndan da aln\u0131n ak\u0131yla \u00e7\u0131kt\u0131 ger\u00e7ek \u201cgen\u00e7\u201d Semih! Hen\u00fcz 20 ya\u015f\u0131nda olan oyuncunun futbol olgunlu\u011fu karakterinde de varsa, ki trib\u00fcnden \u015fimdilik \u00f6yle g\u00f6z\u00fck\u00fcyor, kaptanl\u0131k tart\u0131\u015fmalar\u0131 yak\u0131n gelecekte son bulabilir. \u015eimdilik G\u00f6khan Zan m\u0131 Servet \u00c7etin mi sorusunun cevab\u0131n\u0131n Semih Kaya olmas\u0131 bile yeterli\u2026<\/p>\n<p>Her\u015feye ra\u011fmen kazanmal\u0131yd\u0131 Galatasaray. Her ne kadar tak\u0131m yeniden in\u015fa ediliyor olsa da, stadyum, tak\u0131m, anlay\u0131\u015f yeni olsa da b\u00f6yle 3 puanlar ka\u00e7\u0131r\u0131lmamal\u0131. Her\u015feye ra\u011fmen inan\u00e7la, hep beraber s\u00f6ylemek laz\u0131m: \u201cSen \u015fampiyon olacaks\u0131n!\u201d.<\/p>\n<p>Son s\u00f6z hakeme; k\u00f6t\u00fc olduklar\u0131 zaman nas\u0131l hakl\u0131 bir serzeni\u015fte bulunuyorsak iyiyken de bu sat\u0131rlara konuk etmeliyiz. F\u0131rat Ayd\u0131nus herhalde hatas\u0131z bir ma\u00e7 y\u00f6netti. Stresi bol ma\u00e7ta \u00f6ne \u00e7\u0131kmad\u0131, kontrol\u00fc hi\u00e7 kaybetmedi; ellerine sa\u011fl\u0131k!<\/p>\n","protected":false},"excerpt":{"rendered":"<p>S\u0131k\u0131 bir futbolseverseniz, hatta fanatik derecesinde bir taraftarsan\u0131z futbol en s\u0131radan g\u00fcn\u00fcn\u00fcz\u00fc bile anlaml\u0131 k\u0131labilir, bayram haline getirebilir. Veya bayram\u0131 bile ya\u015fatmaz, h\u00fcz\u00fcn denizlerinde bir ba\u015f\u0131n\u0131za b\u0131rak\u0131r sizi. Ge\u00e7en hafta Kayseri\u2019de g\u00fcnd\u00fcz ma\u00e7\u0131 ve deplasman fobisinin \u00fczerine y\u00fcr\u00fcyen Galatasaray, Sivasspor\u2019un \u2018\u015fa\u015f\u0131rt\u0131c\u0131\u2019 bi\u00e7imde Fenerbah\u00e7e\u2019yi yenmesi ile evindeki Mersin \u0130dman Yurdu ma\u00e7\u0131na bayram\u0131 arefeden kutlamaya ba\u015flamak i\u00e7in&hellip; <a class=\"more-link\" href=\"http:\/\/1905.gs\/blog\/kulup\/futbol\/dertlerim-bitmek-bilmiyor-bu-takim-oynamayinca\/\">Okumaya devam et <span class=\"screen-reader-text\">Dertlerim Bitmek Bilmiyor Bu Tak\u0131m Oynamay\u0131nca&#8230;<\/span><\/a><\/p>\n","protected":false},"author":2,"featured_media":0,"comment_status":"open","ping_status":"open","sticky":false,"template":"","format":"standard","meta":{"footnotes":""},"categories":[7],"tags":[],"_links":{"self":[{"href":"http:\/\/1905.gs\/blog\/wp-json\/wp\/v2\/posts\/1542"}],"collection":[{"href":"http:\/\/1905.gs\/blog\/wp-json\/wp\/v2\/posts"}],"about":[{"href":"http:\/\/1905.gs\/blog\/wp-json\/wp\/v2\/types\/post"}],"author":[{"embeddable":true,"href":"http:\/\/1905.gs\/blog\/wp-json\/wp\/v2\/users\/2"}],"replies":[{"embeddable":true,"href":"http:\/\/1905.gs\/blog\/wp-json\/wp\/v2\/comments?post=1542"}],"version-history":[{"count":3,"href":"http:\/\/1905.gs\/blog\/wp-json\/wp\/v2\/posts\/1542\/revisions"}],"predecessor-version":[{"id":1631,"href":"http:\/\/1905.gs\/blog\/wp-json\/wp\/v2\/posts\/1542\/revisions\/1631"}],"wp:attachment":[{"href":"http:\/\/1905.gs\/blog\/wp-json\/wp\/v2\/media?parent=1542"}],"wp:term":[{"taxonomy":"category","embeddable":true,"href":"http:\/\/1905.gs\/blog\/wp-json\/wp\/v2\/categories?post=1542"},{"taxonomy":"post_tag","embeddable":true,"href":"http:\/\/1905.gs\/blog\/wp-json\/wp\/v2\/tags?post=1542"}],"curies":[{"name":"wp","href":"https:\/\/api.w.org\/{rel}","templated":true}]}}